{"id":1427,"date":"2021-11-10T21:54:24","date_gmt":"2021-11-11T02:54:24","guid":{"rendered":"https:\/\/tinz.ca\/wip\/sentier\/?p=1427"},"modified":"2022-04-13T09:02:28","modified_gmt":"2022-04-13T13:02:28","slug":"eng-en-memoire-de-franck-dupere","status":"publish","type":"post","link":"https:\/\/lesentier-thetrail.ca\/en\/eng-en-memoire-de-franck-dupere\/","title":{"rendered":"In this month of remembrance, we remember Frank Dup\u00e9r\u00e9."},"content":{"rendered":"<p>The Trail honors the memory of a son, brother, father, soldier, and veteran that left us too early in 2021. We will remember Frank Dup\u00e9r\u00e9. We invite you to listen to a testimony to this great man in love with life. Inspirational.\u00a0 In French with some parts in English.<\/p>\n<p><iframe title=\"En me\u0301moire de Franck Dupe\u0301re\u0301\" width=\"1080\" height=\"608\" src=\"https:\/\/www.youtube.com\/embed\/Aem8V4wInHA?feature=oembed\"  allow=\"accelerometer; autoplay; clipboard-write; encrypted-media; gyroscope; picture-in-picture\" allowfullscreen><\/iframe><\/p>\n","protected":false},"excerpt":{"rendered":"<p>En ce mois du jour du souvenir, Le Sentier rend hommage a un fils, fr\u00e8re, p\u00e8re, militaire, et v\u00e9t\u00e9ran parti trop t\u00f4t.<\/p>\n","protected":false},"author":1,"featured_media":0,"comment_status":"open","ping_status":"open","sticky":false,"template":"","format":"standard","meta":{"give_campaign_id":0,"_et_pb_use_builder":"","_et_pb_old_content":"","_et_gb_content_width":"","_jetpack_memberships_contains_paid_content":false,"footnotes":""},"categories":[1],"tags":[],"class_list":["post-1427","post","type-post","status-publish","format-standard","hentry","category-non-classifiee"],"jetpack_featured_media_url":"","jetpack_sharing_enabled":true,"_links":{"self":[{"href":"https:\/\/lesentier-thetrail.ca\/en\/wp-json\/wp\/v2\/posts\/1427","targetHints":{"allow":["GET"]}}],"collection":[{"href":"https:\/\/lesentier-thetrail.ca\/en\/wp-json\/wp\/v2\/posts"}],"about":[{"href":"https:\/\/lesentier-thetrail.ca\/en\/wp-json\/wp\/v2\/types\/post"}],"author":[{"embeddable":true,"href":"https:\/\/lesentier-thetrail.ca\/en\/wp-json\/wp\/v2\/users\/1"}],"replies":[{"embeddable":true,"href":"https:\/\/lesentier-thetrail.ca\/en\/wp-json\/wp\/v2\/comments?post=1427"}],"version-history":[{"count":5,"href":"https:\/\/lesentier-thetrail.ca\/en\/wp-json\/wp\/v2\/posts\/1427\/revisions"}],"predecessor-version":[{"id":1467,"href":"https:\/\/lesentier-thetrail.ca\/en\/wp-json\/wp\/v2\/posts\/1427\/revisions\/1467"}],"wp:attachment":[{"href":"https:\/\/lesentier-thetrail.ca\/en\/wp-json\/wp\/v2\/media?parent=1427"}],"wp:term":[{"taxonomy":"category","embeddable":true,"href":"https:\/\/lesentier-thetrail.ca\/en\/wp-json\/wp\/v2\/categories?post=1427"},{"taxonomy":"post_tag","embeddable":true,"href":"https:\/\/lesentier-thetrail.ca\/en\/wp-json\/wp\/v2\/tags?post=1427"}],"curies":[{"name":"wp","href":"https:\/\/api.w.org\/{rel}","templated":true}]}}